{"id":985,"date":"2025-11-24T18:54:49","date_gmt":"2025-11-24T17:54:49","guid":{"rendered":"https:\/\/carolija-svijetla-salaj.com\/?p=985"},"modified":"2026-03-12T08:40:11","modified_gmt":"2026-03-12T07:40:11","slug":"faq-cesto-postavljena-pitanja","status":"publish","type":"post","link":"https:\/\/carolija-svijetla-salaj.com\/index.php\/2025\/11\/24\/faq-cesto-postavljena-pitanja\/","title":{"rendered":"FAQ &#8211; \u010cesto postavljena pitanja"},"content":{"rendered":"\n<p><strong>Koja je cijena ulaznice?<\/strong><br>Cijena ulaznica je 7 eura. Za grupne posjete (30+ osoba) cijena je 6,5 eura. Djeca mla\u0111a od 7 godina, osobe s invaliditetom i posebnim potrebama te hrvatski branitelji imaju besplatan ulaz.<\/p>\n\n\n\n<p><strong>Koji je dan najpogodniji za posjet \u010caroliji svjetla by Salaj?<\/strong><br>Posjet preporu\u010dujemo tijekom radnih dana zbog manjeg broja posjetitelja.<\/p>\n\n\n\n<p><strong>Smijem li uvesti ku\u0107nog ljubimca na imanje?<\/strong><br>Naravno, ali sve ono \u0161to vrijedi za va\u0161eg ku\u0107nog ljubimca kada ga \u0161etate ulicom vrijedi i na imanju.<\/p>\n\n\n\n<p><strong>Radite li nedjeljom i blagdanima?<\/strong><br>Manifestacija je otvorena svakoga dana, uklju\u010duju\u0107i nedjelje i blagdane. Dakle, otvoreni smo i na sam Bo\u017ei\u0107, sv. Stjepana, Novu Godinu i sv. Tri Kralja.<\/p>\n\n\n\n<p><strong>Je li potrebna najava ili rezervacija pri dolasku?<\/strong><br>Najava i rezervacija nije potrebna za individualne i obiteljske posjete. Grupe od vi\u0161e od 30 osoba trebaju se najaviti na adresu: <a href=\"mailto:imanjesalaj@gmail.com\">imanjesalaj@gmail.com<\/a><\/p>\n\n\n\n<p><strong>\u0160to ako pada ki\u0161a ili snijeg?<\/strong><\/p>\n\n\n\n<p>Otvoreni smo i u slu\u010daju ki\u0161e ili snijega. Eventualne izmjene bit \u0107e objavljene na Facebook stranici i slu\u017ebenoj web-stranici.<\/p>\n\n\n\n<p><strong>Gdje se mogu kupiti ulaznice?<\/strong><br>Ulaznice se kupuju na blagajni prilikom dolaska na imanje.<\/p>\n\n\n\n<p><strong>Mo\u017ee li se pla\u0107ati karticama?<\/strong><\/p>\n\n\n\n<p>Ulaznice se pla\u0107aju isklju\u010divo gotovinom kao i gastronomska ponuda. Karti\u010dno pla\u0107anje nije mogu\u0107e iz tehni\u010dkih razloga.<\/p>\n\n\n\n<p><strong>Kako do\u0107i do imanja?<\/strong><br>Upute za dolazak dostupne su na slu\u017ebenoj stranici manifestacije.<\/p>\n\n\n\n<p><strong>Kako najlak\u0161e do\u0107i iz Zagreba?<\/strong><br>Iz Zagreba se preporu\u010duje vo\u017enja autocestom prema Slavonskom Brodu, izlazak na \u010dvoru Ivani\u0107-Grad te nastavak prema \u010cazmi, oko 15 kilometara. <\/p>\n\n\n\n<p><strong>Gdje je mogu\u0107e parkirati?<\/strong><br>Parkirali\u0161te se nalazi uz imanje i besplatno je.<\/p>\n\n\n\n<p><strong>Kako se odjenuti?<\/strong><\/p>\n\n\n\n<p>Imajte na umu da dolazite na seosko imanje i ne o\u010dekujte asfalt. Ne preporu\u010dujemo \u0161tikle i lagane cipele ve\u0107 se odjenite i obujte u skladu s vremenskim uvjetima. Zimsko je razdoblje i o\u010dekujte hladno\u0107u. Staze na imanju su prekrivene sitnim kamen\u010di\u0107ima, pa i to imajte na umu kada birate obu\u0107u.<\/p>\n\n\n\n<p><strong>Ho\u0107e li biti organiziran do\u010dek Nove godine?<\/strong><br>Ove godine ne\u0107e biti organiziran poseban novogodi\u0161nji program.<\/p>\n\n\n\n<p><strong>Je li omogu\u0107en pristup osobama s invaliditetom?<\/strong><br>Pristup osobama s invaliditetom je mogu\u0107. Iako ne postoji zaseban ulaz, pristup osigurava i koordinira za\u0161titarska slu\u017eba.<\/p>\n\n\n\n<p><strong>Imate li smje\u0161taj u ponudi?<\/strong><br>Smje\u0161taj ne nudimo. Pregled dostupnih smje\u0161taja u okolici mo\u017eete prona\u0107i na stranicama turisti\u010dkih zajednica \u010cazme, Bjelovarsko-bilogorske \u017eupanije i Ivani\u0107-Grada.<\/p>\n\n\n\n<p><strong>Treba li rezervirati ulaznicu?<\/strong><br>Trenutno nije potrebna rezervacija.<\/p>\n","protected":false},"excerpt":{"rendered":"<p>Koja je cijena ulaznice?Cijena ulaznica je 7 eura. Za grupne posjete (30+ osoba) cijena je 6,5 eura. Djeca mla\u0111a od 7 godina, osobe s invaliditetom i posebnim potrebama te hrvatski&hellip;<\/p>\n","protected":false},"author":1,"featured_media":986,"comment_status":"open","ping_status":"open","sticky":false,"template":"","format":"standard","meta":{"_lmt_disableupdate":"","_lmt_disable":"","footnotes":""},"categories":[11],"tags":[],"class_list":["post-985","post","type-post","status-publish","format-standard","has-post-thumbnail","hentry","category-vijesti"],"_links":{"self":[{"href":"https:\/\/carolija-svijetla-salaj.com\/index.php\/wp-json\/wp\/v2\/posts\/985","targetHints":{"allow":["GET"]}}],"collection":[{"href":"https:\/\/carolija-svijetla-salaj.com\/index.php\/wp-json\/wp\/v2\/posts"}],"about":[{"href":"https:\/\/carolija-svijetla-salaj.com\/index.php\/wp-json\/wp\/v2\/types\/post"}],"author":[{"embeddable":true,"href":"https:\/\/carolija-svijetla-salaj.com\/index.php\/wp-json\/wp\/v2\/users\/1"}],"replies":[{"embeddable":true,"href":"https:\/\/carolija-svijetla-salaj.com\/index.php\/wp-json\/wp\/v2\/comments?post=985"}],"version-history":[{"count":3,"href":"https:\/\/carolija-svijetla-salaj.com\/index.php\/wp-json\/wp\/v2\/posts\/985\/revisions"}],"predecessor-version":[{"id":1030,"href":"https:\/\/carolija-svijetla-salaj.com\/index.php\/wp-json\/wp\/v2\/posts\/985\/revisions\/1030"}],"wp:featuredmedia":[{"embeddable":true,"href":"https:\/\/carolija-svijetla-salaj.com\/index.php\/wp-json\/wp\/v2\/media\/986"}],"wp:attachment":[{"href":"https:\/\/carolija-svijetla-salaj.com\/index.php\/wp-json\/wp\/v2\/media?parent=985"}],"wp:term":[{"taxonomy":"category","embeddable":true,"href":"https:\/\/carolija-svijetla-salaj.com\/index.php\/wp-json\/wp\/v2\/categories?post=985"},{"taxonomy":"post_tag","embeddable":true,"href":"https:\/\/carolija-svijetla-salaj.com\/index.php\/wp-json\/wp\/v2\/tags?post=985"}],"curies":[{"name":"wp","href":"https:\/\/api.w.org\/{rel}","templated":true}]}}