{"id":835,"date":"2025-10-06T20:04:58","date_gmt":"2025-10-06T18:04:58","guid":{"rendered":"https:\/\/carolija-svijetla-salaj.com\/?p=835"},"modified":"2025-10-06T20:04:59","modified_gmt":"2025-10-06T18:04:59","slug":"carolija-svjetla-by-salaj-zasjala-u-zelenom","status":"publish","type":"post","link":"https:\/\/carolija-svijetla-salaj.com\/index.php\/2025\/10\/06\/carolija-svjetla-by-salaj-zasjala-u-zelenom\/","title":{"rendered":"\u010carolija svjetla by Salaj zasjala u zelenom!"},"content":{"rendered":"\n<p>Povodom Svjetskog dana cerebralne paralize, koji se svake godine 6. listopada obilje\u017eava u vi\u0161e od 75 zemalja svijeta, \u010carolija svjetla by Salaj uklju\u010dila se u globalnu <a><\/a>inicijativu i ve\u010deras zasjala u zelenoj boji \u2013 simbolu podr\u0161ke osobama s cerebralnom paralizom.<\/p>\n\n\n\n<p>Ovim svjetlom pridru\u017eujemo se Hrvatskom savezu udruga cerebralne i dje\u010dje paralize (HSUCDP) u cilju podizanja svijesti o ovoj dijagnozi, jednom od naj\u010de\u0161\u0107ih uzroka tjelesnog invaliditeta kod djece, te promicanju jednakih mogu\u0107nosti i uklju\u010divanja osoba s cerebralnom paralizom u zajednicu.<\/p>\n\n\n\n<p><img decoding=\"async\" height=\"16\" width=\"16\" alt=\"\ud83d\udc9a\" src=\"https:\/\/static.xx.fbcdn.net\/images\/emoji.php\/v9\/t94\/1\/16\/1f49a.png\"> Svjetlom pokazujemo da razumijemo, podr\u017eavamo i zajedno \u010dinimo razliku.<\/p>\n\n\n\n<iframe src=\"https:\/\/www.facebook.com\/plugins\/post.php?href=https%3A%2F%2Fwww.facebook.com%2FcarolijasvjetlaSalaj%2Fposts%2Fpfbid0j2ZLAYSJtFgbRekLFpZiTBi2KzeYBQxSrPnwfc3cNwxSVS2RTqipckZZ1F9h2EzYl&#038;show_text=true&#038;width=500\" width=\"500\" height=\"784\" style=\"border:none;overflow:hidden\" scrolling=\"no\" frameborder=\"0\" allowfullscreen=\"true\" allow=\"autoplay; clipboard-write; encrypted-media; picture-in-picture; web-share\"><\/iframe>\n","protected":false},"excerpt":{"rendered":"<p>Povodom Svjetskog dana cerebralne paralize, koji se svake godine 6. listopada obilje\u017eava u vi\u0161e od 75 zemalja svijeta, \u010carolija svjetla by Salaj uklju\u010dila se u globalnu inicijativu i ve\u010deras zasjala&hellip;<\/p>\n","protected":false},"author":1,"featured_media":836,"comment_status":"open","ping_status":"open","sticky":false,"template":"","format":"standard","meta":{"_lmt_disableupdate":"","_lmt_disable":"","footnotes":""},"categories":[11],"tags":[],"class_list":["post-835","post","type-post","status-publish","format-standard","has-post-thumbnail","hentry","category-vijesti"],"_links":{"self":[{"href":"https:\/\/carolija-svijetla-salaj.com\/index.php\/wp-json\/wp\/v2\/posts\/835","targetHints":{"allow":["GET"]}}],"collection":[{"href":"https:\/\/carolija-svijetla-salaj.com\/index.php\/wp-json\/wp\/v2\/posts"}],"about":[{"href":"https:\/\/carolija-svijetla-salaj.com\/index.php\/wp-json\/wp\/v2\/types\/post"}],"author":[{"embeddable":true,"href":"https:\/\/carolija-svijetla-salaj.com\/index.php\/wp-json\/wp\/v2\/users\/1"}],"replies":[{"embeddable":true,"href":"https:\/\/carolija-svijetla-salaj.com\/index.php\/wp-json\/wp\/v2\/comments?post=835"}],"version-history":[{"count":1,"href":"https:\/\/carolija-svijetla-salaj.com\/index.php\/wp-json\/wp\/v2\/posts\/835\/revisions"}],"predecessor-version":[{"id":837,"href":"https:\/\/carolija-svijetla-salaj.com\/index.php\/wp-json\/wp\/v2\/posts\/835\/revisions\/837"}],"wp:featuredmedia":[{"embeddable":true,"href":"https:\/\/carolija-svijetla-salaj.com\/index.php\/wp-json\/wp\/v2\/media\/836"}],"wp:attachment":[{"href":"https:\/\/carolija-svijetla-salaj.com\/index.php\/wp-json\/wp\/v2\/media?parent=835"}],"wp:term":[{"taxonomy":"category","embeddable":true,"href":"https:\/\/carolija-svijetla-salaj.com\/index.php\/wp-json\/wp\/v2\/categories?post=835"},{"taxonomy":"post_tag","embeddable":true,"href":"https:\/\/carolija-svijetla-salaj.com\/index.php\/wp-json\/wp\/v2\/tags?post=835"}],"curies":[{"name":"wp","href":"https:\/\/api.w.org\/{rel}","templated":true}]}}