{"id":826,"date":"2025-07-15T11:58:10","date_gmt":"2025-07-15T09:58:10","guid":{"rendered":"https:\/\/carolija-svijetla-salaj.com\/?p=826"},"modified":"2025-07-15T12:43:27","modified_gmt":"2025-07-15T10:43:27","slug":"poceli-smo-pripreme-za-bozicnu-caroliju-svjetla-moramo-ranije-da-sve-stignemo","status":"publish","type":"post","link":"https:\/\/carolija-svijetla-salaj.com\/index.php\/2025\/07\/15\/poceli-smo-pripreme-za-bozicnu-caroliju-svjetla-moramo-ranije-da-sve-stignemo\/","title":{"rendered":"Po\u010deli smo pripreme za Bo\u017ei\u0107nu \u010daroliju svjetla: \u201eMoramo ranije, da sve stignemo!\u201c"},"content":{"rendered":"\n<p>Iako je sredina srpnja, a ve\u0107ina gra\u0111ana razmi\u0161lja o godi\u0161njim odmorima, moru i kupanju, na na\u0161em imanju u Grabovnici kraj \u010cazme ve\u0107 su po\u010dele pripreme za \u2013 Bo\u017ei\u0107. Dok temperature prelaze 30 stupnjeva, ondje se ve\u0107 vje\u0161aju lampice, postavljaju nove instalacije i izra\u0111uju elementi za nadolaze\u0107u \u201eBo\u017ei\u0107nu \u010daroliju svjetla\u201c, manifestaciju koja iz godine u godinu privla\u010di desetke tisu\u0107a posjetitelja iz Hrvatske i inozemstva.<\/p>\n\n\n\n<p>\u2013 Po\u010deli smo kititi ju\u010der. Malo nam je vru\u0107e, ali evo, moramo krenuti ve\u0107 sada jer ne\u0107emo sve sti\u0107i na vrijeme. Na kraju krajeva, svake godine je otprilike tako, ali ove smo krenuli malo ranije. Mo\u017eda uspijemo postaviti jo\u0161 vi\u0161e lampica nego pro\u0161le godine, ka\u017ee Alen Salaj kojega smo zatekli kako zajedno s Goranom postavlja drvenu \u0161indru na novoj atrakciji imanja \u2013 posebno dizajniranim ku\u0107icama koje \u0107e ove zime dodatno obogatiti bo\u017ei\u0107ni ugo\u0111aj.<\/p>\n\n\n\n<figure class=\"wp-block-image size-large\"><img fetchpriority=\"high\" decoding=\"async\" width=\"1024\" height=\"768\" src=\"https:\/\/carolija-svijetla-salaj.com\/wp-content\/uploads\/2025\/07\/IMG_20250715_091544-1024x768.jpg\" alt=\"\" class=\"wp-image-828\" srcset=\"https:\/\/carolija-svijetla-salaj.com\/wp-content\/uploads\/2025\/07\/IMG_20250715_091544-1024x768.jpg 1024w, https:\/\/carolija-svijetla-salaj.com\/wp-content\/uploads\/2025\/07\/IMG_20250715_091544-300x225.jpg 300w, https:\/\/carolija-svijetla-salaj.com\/wp-content\/uploads\/2025\/07\/IMG_20250715_091544-768x576.jpg 768w, https:\/\/carolija-svijetla-salaj.com\/wp-content\/uploads\/2025\/07\/IMG_20250715_091544-1170x878.jpg 1170w, https:\/\/carolija-svijetla-salaj.com\/wp-content\/uploads\/2025\/07\/IMG_20250715_091544-585x439.jpg 585w, https:\/\/carolija-svijetla-salaj.com\/wp-content\/uploads\/2025\/07\/IMG_20250715_091544.jpg 1200w\" sizes=\"(max-width: 1024px) 100vw, 1024px\" \/><\/figure>\n\n\n\n<p>Rije\u010d je o unikatnim drvenim ku\u0107icama koje se izra\u0111uju u suradnji s njema\u010dkim umjetnikom Martinom Reichmannom, specijaliziranim za radove u drvetu. Iako jo\u0161 nisu u potpunosti dovr\u0161ene, interes publike ve\u0107 je velik.<\/p>\n\n\n\n<p>\u2013 Jako nam je drago \u0161to su ku\u0107ice nai\u0161le na takvo odu\u0161evljenje. Jo\u0161 nisu gotove, ali ve\u0107 sad vidimo po reakcijama na dru\u0161tvenim mre\u017eama da su svima zanimljive. Rije\u010d je o idejama koje smo doslovno izvukli iz glave i pretvorili u stvarnost. Ove godine napravit \u0107emo dvije, a svake sljede\u0107e planiramo dodavati jo\u0161 po dvije-tri nove. To je tek po\u010detak, isti\u010de Alen Salaj.<\/p>\n\n\n\n<p>Bo\u017ei\u0107na \u010darolija svjetla by Salaj ve\u0107 je godinama poznata po spektakularnim svjetlosnim instalacijama koje u blagdanskom razdoblju pretvaraju Grabovnicu u svijet bajke. Pro\u0161le godine imanje je krasilo oko pet milijuna lampica, a ove godine planira se dodatno pove\u0107anje tog broja. Koliki je to logisti\u010dki pothvat najbolje ilustrira podatak da je ispod povr\u0161ine imanja polo\u017eeno oko deset kilometara podzemnih kablova koji omogu\u0107uju stabilno napajanje svih instalacija.<\/p>\n\n\n\n<figure class=\"wp-block-image size-large\"><img decoding=\"async\" width=\"1024\" height=\"768\" src=\"https:\/\/carolija-svijetla-salaj.com\/wp-content\/uploads\/2025\/07\/IMG_20250715_083628-1024x768.jpg\" alt=\"\" class=\"wp-image-829\" srcset=\"https:\/\/carolija-svijetla-salaj.com\/wp-content\/uploads\/2025\/07\/IMG_20250715_083628-1024x768.jpg 1024w, https:\/\/carolija-svijetla-salaj.com\/wp-content\/uploads\/2025\/07\/IMG_20250715_083628-300x225.jpg 300w, https:\/\/carolija-svijetla-salaj.com\/wp-content\/uploads\/2025\/07\/IMG_20250715_083628-768x576.jpg 768w, https:\/\/carolija-svijetla-salaj.com\/wp-content\/uploads\/2025\/07\/IMG_20250715_083628-1170x878.jpg 1170w, https:\/\/carolija-svijetla-salaj.com\/wp-content\/uploads\/2025\/07\/IMG_20250715_083628-585x439.jpg 585w, https:\/\/carolija-svijetla-salaj.com\/wp-content\/uploads\/2025\/07\/IMG_20250715_083628.jpg 1200w\" sizes=\"(max-width: 1024px) 100vw, 1024px\" \/><\/figure>\n\n\n\n<p>Unato\u010d ljetnim vru\u0107inama, nema vremena za predah. Pripreme traju mjesecima, a cilj je da sve bude spremno za kraj studenoga, kada \u0107e \u201eBo\u017ei\u0107na \u010darolija svjetla\u201c ponovno otvoriti svoja vrata posjetiteljima.<\/p>\n\n\n\n<p>Bo\u017ei\u0107 se mo\u017eda \u010dini daleko, ali u Grabovnici, kao i svake godine, sti\u017ee ranije nego drugdje \u2013 uz milijune lampica, nove atrakcije i bezbroj sati ulo\u017eenog rada.<\/p>\n\n\n\n<figure class=\"wp-block-image size-large\"><img decoding=\"async\" width=\"1024\" height=\"768\" src=\"https:\/\/carolija-svijetla-salaj.com\/wp-content\/uploads\/2025\/07\/IMG_20250715_084754-1024x768.jpg\" alt=\"\" class=\"wp-image-830\" srcset=\"https:\/\/carolija-svijetla-salaj.com\/wp-content\/uploads\/2025\/07\/IMG_20250715_084754-1024x768.jpg 1024w, https:\/\/carolija-svijetla-salaj.com\/wp-content\/uploads\/2025\/07\/IMG_20250715_084754-300x225.jpg 300w, https:\/\/carolija-svijetla-salaj.com\/wp-content\/uploads\/2025\/07\/IMG_20250715_084754-768x576.jpg 768w, https:\/\/carolija-svijetla-salaj.com\/wp-content\/uploads\/2025\/07\/IMG_20250715_084754-1170x878.jpg 1170w, https:\/\/carolija-svijetla-salaj.com\/wp-content\/uploads\/2025\/07\/IMG_20250715_084754-585x439.jpg 585w, https:\/\/carolija-svijetla-salaj.com\/wp-content\/uploads\/2025\/07\/IMG_20250715_084754.jpg 1200w\" sizes=\"(max-width: 1024px) 100vw, 1024px\" \/><\/figure>\n","protected":false},"excerpt":{"rendered":"<p>Iako je sredina srpnja, a ve\u0107ina gra\u0111ana razmi\u0161lja o godi\u0161njim odmorima, moru i kupanju, na na\u0161em imanju u Grabovnici kraj \u010cazme ve\u0107 su po\u010dele pripreme za \u2013 Bo\u017ei\u0107. Dok temperature&hellip;<\/p>\n","protected":false},"author":1,"featured_media":827,"comment_status":"open","ping_status":"open","sticky":false,"template":"","format":"standard","meta":{"_lmt_disableupdate":"","_lmt_disable":"","footnotes":""},"categories":[11],"tags":[],"class_list":["post-826","post","type-post","status-publish","format-standard","has-post-thumbnail","hentry","category-vijesti"],"_links":{"self":[{"href":"https:\/\/carolija-svijetla-salaj.com\/index.php\/wp-json\/wp\/v2\/posts\/826","targetHints":{"allow":["GET"]}}],"collection":[{"href":"https:\/\/carolija-svijetla-salaj.com\/index.php\/wp-json\/wp\/v2\/posts"}],"about":[{"href":"https:\/\/carolija-svijetla-salaj.com\/index.php\/wp-json\/wp\/v2\/types\/post"}],"author":[{"embeddable":true,"href":"https:\/\/carolija-svijetla-salaj.com\/index.php\/wp-json\/wp\/v2\/users\/1"}],"replies":[{"embeddable":true,"href":"https:\/\/carolija-svijetla-salaj.com\/index.php\/wp-json\/wp\/v2\/comments?post=826"}],"version-history":[{"count":2,"href":"https:\/\/carolija-svijetla-salaj.com\/index.php\/wp-json\/wp\/v2\/posts\/826\/revisions"}],"predecessor-version":[{"id":832,"href":"https:\/\/carolija-svijetla-salaj.com\/index.php\/wp-json\/wp\/v2\/posts\/826\/revisions\/832"}],"wp:featuredmedia":[{"embeddable":true,"href":"https:\/\/carolija-svijetla-salaj.com\/index.php\/wp-json\/wp\/v2\/media\/827"}],"wp:attachment":[{"href":"https:\/\/carolija-svijetla-salaj.com\/index.php\/wp-json\/wp\/v2\/media?parent=826"}],"wp:term":[{"taxonomy":"category","embeddable":true,"href":"https:\/\/carolija-svijetla-salaj.com\/index.php\/wp-json\/wp\/v2\/categories?post=826"},{"taxonomy":"post_tag","embeddable":true,"href":"https:\/\/carolija-svijetla-salaj.com\/index.php\/wp-json\/wp\/v2\/tags?post=826"}],"curies":[{"name":"wp","href":"https:\/\/api.w.org\/{rel}","templated":true}]}}